[{"@context":"https:\/\/schema.org\/","@type":"Article","@id":"https:\/\/www.kosin.cz\/i-muzi-chodi-na-kosmetiku\/#Article","mainEntityOfPage":"https:\/\/www.kosin.cz\/i-muzi-chodi-na-kosmetiku\/","headline":"I mu\u017ei chod\u00ed na kosmetiku","name":"I mu\u017ei chod\u00ed na kosmetiku","description":"V\u011bt\u0161ina svobodn\u00fdch mu\u017e\u016f d\u011bl\u00e1 opravdu maximum pro to, aby se udr\u017eeli ve form\u011b a tak\u00e9 pe\u010dovali o sv\u016fj vzhled. Maj\u00ed na to toti\u017e spoustu \u010dasu a pokud jsou je\u0161t\u011b sami, o to v\u00edc! U\u017e d\u00e1vno nen\u00ed pravdou, \u017ee do kosmetick\u00fdch sal\u00f3n\u016f, mu\u017ei zav\u00edtaj\u00ed jen jako doprovod \u017een. \u010c\u00edm d\u00e1l \u010dast\u011bji, b\u00fdvaj\u00ed na seznamu \u010dekatel\u016f taky! [&hellip;]","datePublished":"2025-03-03","dateModified":"2023-04-29","author":{"@type":"Person","@id":"https:\/\/www.kosin.cz\/author\/#Person","name":"kosin.cz\n","url":"https:\/\/www.kosin.cz\/author\/","identifier":1,"image":{"@type":"ImageObject","@id":"https:\/\/secure.gravatar.com\/avatar\/ade5060b95d9432296fc92debd2ba3136f7a4d727a7bc57afe18c4808c7d7ac9?s=96&d=mm&r=g","url":"https:\/\/secure.gravatar.com\/avatar\/ade5060b95d9432296fc92debd2ba3136f7a4d727a7bc57afe18c4808c7d7ac9?s=96&d=mm&r=g","height":96,"width":96}},"publisher":{"@type":"Organization","name":"kosin.cz","logo":{"@type":"ImageObject","@id":"\/logo.png","url":"\/logo.png","width":600,"height":60}},"image":{"@type":"ImageObject","@id":"https:\/\/www.kosin.cz\/wp-content\/uploads\/img_a301521_w2073_t1511602120.jpg","url":"https:\/\/www.kosin.cz\/wp-content\/uploads\/img_a301521_w2073_t1511602120.jpg","height":0,"width":0},"url":"https:\/\/www.kosin.cz\/i-muzi-chodi-na-kosmetiku\/","about":["Mu\u017ei"],"wordCount":487,"articleBody":"V\u011bt\u0161ina svobodn\u00fdch mu\u017e\u016f d\u011bl\u00e1 opravdu maximum pro to, aby se udr\u017eeli ve form\u011b a tak\u00e9 pe\u010dovali o sv\u016fj vzhled. Maj\u00ed na to toti\u017e spoustu \u010dasu a pokud jsou je\u0161t\u011b sami, o to v\u00edc! U\u017e d\u00e1vno nen\u00ed pravdou, \u017ee do kosmetick\u00fdch sal\u00f3n\u016f, mu\u017ei zav\u00edtaj\u00ed jen jako doprovod \u017een. \u010c\u00edm d\u00e1l \u010dast\u011bji, b\u00fdvaj\u00ed na seznamu \u010dekatel\u016f taky!\tZdrav\u00e1, kr\u00e1sna a mladistv\u00e1 ple\u0165Na\u0161t\u011bst\u00ed je velk\u00fd sortiment kosmetick\u00fdch p\u0159\u00edpravk\u016f a pom\u016fcek, dostupn\u00fd i pro samotn\u00e9 mu\u017ee. Zpo\u010d\u00e1tku se sv\u00fdmi pot\u00ed\u017eemi bojuj\u00ed doma, s nep\u0159ebern\u00fdm mno\u017estv\u00edm kr\u00e9m\u016f, peelingu, \u010dist\u00edc\u00edch vod, o\u010dn\u00edch p\u0159\u00edpravk\u016f, nebo z\u00e1stupem hydrata\u010dn\u00edho ml\u00e9ka. M\u016f\u017ee jim to chv\u00edli trvat, ale pokud cht\u011bj\u00ed opravdu vypadat dob\u0159e a zdrav\u011b, d\u0159\u00edv nebo pozd\u011bji, zav\u00edtaj\u00ed jejich kroky na kosmetiku. Nen\u00ed se \u010demu pot\u0159eba sm\u00e1t, ani to br\u00e1t jako ostudu. Naopak chlap, kter\u00fd m\u00e1 z\u00e1jem o sebe pe\u010dovat, je pro \u017eenu daleko v\u00edce p\u0159ita\u017eliv\u011bj\u0161\u00ed ne\u017e ten, co dr\u017e\u00ed pivo v hospod\u011b.\tJe d\u016fle\u017eit\u00e9 se zam\u011b\u0159it na konkr\u00e9tn\u00ed nedostatky, spr\u00e1vn\u00fdm p\u0159\u00edpravkem&#8211;\u00a0\u00a0\u00a0\u00a0\u00a0\u00a0\u00a0 P\u00f3ryI mu\u017ei maj\u00ed pot\u00ed\u017ee s otev\u0159en\u00fdmi p\u00f3ry, kter\u00e9 na pleti nevypadaj\u00ed v\u016fbec dob\u0159e. P\u016fsob\u00ed tak nejenom sta\u0159e, ale i zanedban\u011b. Doma, si m\u016f\u017eete pomoci pravideln\u00fdm \u010dist\u011bn\u00edm peelingem, ale jinak se vlo\u017ete do rukou odborn\u00edka \u2013 ty v\u011bd\u00ed, jak s nimi zato\u010dit!&#8211;\u00a0\u00a0\u00a0\u00a0\u00a0\u00a0\u00a0 Holen\u00edHolit se, mu\u017ei za\u010d\u00ednaj\u00ed u\u017e v pubert\u011b a k\u016f\u017ee po holen\u00ed, pot\u0159ebuje okam\u017eitou p\u00e9\u010di a zklidn\u011bn\u00ed. Nezapome\u0148te proto po ka\u017ed\u00e9m holen\u00ed, poko\u017eku d\u016fkladn\u011b hydratovat! Z\u00e1sadn\u00edm pravidlem je tak\u00e9, udr\u017eovat \u010distotu hol\u00edc\u00edho strojku po ka\u017ed\u00e9m holen\u00ed a \u010dasto m\u011bnit \u017eiletky! Vyhn\u011bte se tak nep\u0159\u00edjemn\u00fdm vyr\u00e1\u017ek\u00e1m.&#8211;\u00a0\u00a0\u00a0\u00a0\u00a0\u00a0\u00a0 Akn\u00e9Kapitola sama o sob\u011b. Akn\u00e9 tr\u00e1p\u00ed v\u0161echny, bez rozd\u00edlu na pohlav\u00ed. Je to nep\u0159\u00edjemn\u00fd estetick\u00fd probl\u00e9m a mnohdy na n\u011bho nezabere nic po\u0159\u00e1dn\u00e9ho. Pokud m\u00e1te \u0161t\u011bst\u00ed a na\u0161li jste p\u0159\u00edpravek, kter\u00fd v\u00e1m ho zm\u00edrn\u00ed, nezapome\u0148te ho pou\u017e\u00edvat. Jestli, si ale nev\u00edte rady, op\u011bt se zam\u011b\u0159te na n\u00e1v\u0161t\u011bvu odborn\u00edka.&#8211;\u00a0\u00a0\u00a0\u00a0\u00a0\u00a0\u00a0 T &#8211; z\u00f3naNejv\u00edce problematick\u00e1 \u010d\u00e1st tv\u00e1\u0159e, je takzvan\u00e1 T \u2013 z\u00f3na. Na ni m\u016f\u017eete vyzr\u00e1t i pomoci r\u016fzn\u00fdch masek na obli\u010dej, kter\u00e9 si snadno vyrob\u00edte i doma. Pokud m\u00e1te strach experimentovat, po\u0159i\u010fte si speci\u00e1ln\u00ed p\u0159\u00edpravek, vhodn\u00fd p\u0159esn\u011b na tuto z\u00f3nu a budete m\u00edt o kr\u00e1sn\u00fd zdrav\u00fd vzhled postar\u00e1no!                                                                                                                                                                                                                                                                                                                                                                                        3.4\/5 - (7 votes)        "},{"@context":"https:\/\/schema.org\/","@type":"BreadcrumbList","itemListElement":[{"@type":"ListItem","position":1,"name":"I mu\u017ei chod\u00ed na kosmetiku","item":"https:\/\/www.kosin.cz\/i-muzi-chodi-na-kosmetiku\/#breadcrumbitem"}]}]