{"@context":"https:\/\/schema.org\/","@type":"CollectionPage","@id":"https:\/\/www.kosin.cz\/kultura\/#CollectionPage","headline":"Kultura Category","description":"","url":"https:\/\/www.kosin.cz\/kultura\/","hasPart":[{"@type":"Article","@id":"https:\/\/www.kosin.cz\/smrt-sylvestra-stalloneho\/","headline":"Smrt Sylvestra Stalloneho","url":"https:\/\/www.kosin.cz\/smrt-sylvestra-stalloneho\/","datePublished":"2025-03-03","dateModified":"2023-04-29","mainEntityOfPage":"https:\/\/www.kosin.cz\/smrt-sylvestra-stalloneho\/","author":{"@type":"Person","@id":"https:\/\/www.kosin.cz\/author\/#Person","name":"kosin.cz\n","url":"https:\/\/www.kosin.cz\/author\/","identifier":1,"image":{"@type":"ImageObject","@id":"https:\/\/secure.gravatar.com\/avatar\/ade5060b95d9432296fc92debd2ba3136f7a4d727a7bc57afe18c4808c7d7ac9?s=96&d=mm&r=g","url":"https:\/\/secure.gravatar.com\/avatar\/ade5060b95d9432296fc92debd2ba3136f7a4d727a7bc57afe18c4808c7d7ac9?s=96&d=mm&r=g","height":96,"width":96}},"publisher":{"@type":"Organization","name":"kosin.cz","logo":{"@type":"ImageObject","@id":"\/logo.png","url":"\/logo.png","width":600,"height":60}},"image":{"@type":"ImageObject","@id":"https:\/\/www.kosin.cz\/wp-content\/uploads\/img_a308828_w2073_t1519846825.jpg","url":"https:\/\/www.kosin.cz\/wp-content\/uploads\/img_a308828_w2073_t1519846825.jpg","height":0,"width":0},"keywords":null},{"@type":"Article","@id":"https:\/\/www.kosin.cz\/vitejte-v-palaci-lidu-v-bukuresti\/","headline":"V\u00edtejte v Pal\u00e1ci lidu v Bukure\u0161ti","url":"https:\/\/www.kosin.cz\/vitejte-v-palaci-lidu-v-bukuresti\/","datePublished":"2025-02-28","dateModified":"2023-04-29","mainEntityOfPage":"https:\/\/www.kosin.cz\/vitejte-v-palaci-lidu-v-bukuresti\/","author":{"@type":"Person","@id":"https:\/\/www.kosin.cz\/author\/#Person","name":"kosin.cz\n","url":"https:\/\/www.kosin.cz\/author\/","identifier":1,"image":{"@type":"ImageObject","@id":"https:\/\/secure.gravatar.com\/avatar\/ade5060b95d9432296fc92debd2ba3136f7a4d727a7bc57afe18c4808c7d7ac9?s=96&d=mm&r=g","url":"https:\/\/secure.gravatar.com\/avatar\/ade5060b95d9432296fc92debd2ba3136f7a4d727a7bc57afe18c4808c7d7ac9?s=96&d=mm&r=g","height":96,"width":96}},"publisher":{"@type":"Organization","name":"kosin.cz","logo":{"@type":"ImageObject","@id":"\/logo.png","url":"\/logo.png","width":600,"height":60}},"image":{"@type":"ImageObject","@id":"https:\/\/www.kosin.cz\/wp-content\/uploads\/img_a290202_w2073_t1502357996.jpg","url":"https:\/\/www.kosin.cz\/wp-content\/uploads\/img_a290202_w2073_t1502357996.jpg","height":0,"width":0},"keywords":null},{"@type":"Article","@id":"https:\/\/www.kosin.cz\/oblibeni-cesti-spisovatele-dnesni-doby\/","headline":"Obl\u00edben\u00ed \u010de\u0161t\u00ed spisovatel\u00e9 dne\u0161n\u00ed doby","url":"https:\/\/www.kosin.cz\/oblibeni-cesti-spisovatele-dnesni-doby\/","datePublished":"2019-07-05","dateModified":"2023-04-29","mainEntityOfPage":"https:\/\/www.kosin.cz\/oblibeni-cesti-spisovatele-dnesni-doby\/","author":{"@type":"Person","@id":"https:\/\/www.kosin.cz\/author\/#Person","name":"kosin.cz\n","url":"https:\/\/www.kosin.cz\/author\/","identifier":1,"image":{"@type":"ImageObject","@id":"https:\/\/secure.gravatar.com\/avatar\/ade5060b95d9432296fc92debd2ba3136f7a4d727a7bc57afe18c4808c7d7ac9?s=96&d=mm&r=g","url":"https:\/\/secure.gravatar.com\/avatar\/ade5060b95d9432296fc92debd2ba3136f7a4d727a7bc57afe18c4808c7d7ac9?s=96&d=mm&r=g","height":96,"width":96}},"publisher":{"@type":"Organization","name":"kosin.cz","logo":{"@type":"ImageObject","@id":"\/logo.png","url":"\/logo.png","width":600,"height":60}},"image":{"@type":"ImageObject","@id":"https:\/\/www.kosin.cz\/wp-content\/uploads\/img_a349204_w2073_t1564075686.jpg","url":"https:\/\/www.kosin.cz\/wp-content\/uploads\/img_a349204_w2073_t1564075686.jpg","height":0,"width":0},"keywords":null},{"@type":"Article","@id":"https:\/\/www.kosin.cz\/skotsko\/","headline":"Skotsko","url":"https:\/\/www.kosin.cz\/skotsko\/","datePublished":"2018-06-21","dateModified":"2023-04-29","mainEntityOfPage":"https:\/\/www.kosin.cz\/skotsko\/","author":{"@type":"Person","@id":"https:\/\/www.kosin.cz\/author\/#Person","name":"kosin.cz\n","url":"https:\/\/www.kosin.cz\/author\/","identifier":1,"image":{"@type":"ImageObject","@id":"https:\/\/secure.gravatar.com\/avatar\/ade5060b95d9432296fc92debd2ba3136f7a4d727a7bc57afe18c4808c7d7ac9?s=96&d=mm&r=g","url":"https:\/\/secure.gravatar.com\/avatar\/ade5060b95d9432296fc92debd2ba3136f7a4d727a7bc57afe18c4808c7d7ac9?s=96&d=mm&r=g","height":96,"width":96}},"publisher":{"@type":"Organization","name":"kosin.cz","logo":{"@type":"ImageObject","@id":"\/logo.png","url":"\/logo.png","width":600,"height":60}},"image":{"@type":"ImageObject","@id":"https:\/\/www.kosin.cz\/wp-content\/uploads\/img_a320291_w2073_t1531512698.jpg","url":"https:\/\/www.kosin.cz\/wp-content\/uploads\/img_a320291_w2073_t1531512698.jpg","height":0,"width":0},"keywords":null},{"@type":"Article","@id":"https:\/\/www.kosin.cz\/bez-hovoru-o-praci\/","headline":"Bez hovor\u016f o pr\u00e1ci","url":"https:\/\/www.kosin.cz\/bez-hovoru-o-praci\/","datePublished":"2017-03-17","dateModified":"2023-04-29","mainEntityOfPage":"https:\/\/www.kosin.cz\/bez-hovoru-o-praci\/","author":{"@type":"Person","@id":"https:\/\/www.kosin.cz\/author\/#Person","name":"kosin.cz\n","url":"https:\/\/www.kosin.cz\/author\/","identifier":1,"image":{"@type":"ImageObject","@id":"https:\/\/secure.gravatar.com\/avatar\/ade5060b95d9432296fc92debd2ba3136f7a4d727a7bc57afe18c4808c7d7ac9?s=96&d=mm&r=g","url":"https:\/\/secure.gravatar.com\/avatar\/ade5060b95d9432296fc92debd2ba3136f7a4d727a7bc57afe18c4808c7d7ac9?s=96&d=mm&r=g","height":96,"width":96}},"publisher":{"@type":"Organization","name":"kosin.cz","logo":{"@type":"ImageObject","@id":"\/logo.png","url":"\/logo.png","width":600,"height":60}},"image":null,"keywords":null}]}