[{"@context":"https:\/\/schema.org\/","@type":"Article","@id":"https:\/\/www.kosin.cz\/nemejte-jiz-strohe-zdi\/#Article","mainEntityOfPage":"https:\/\/www.kosin.cz\/nemejte-jiz-strohe-zdi\/","headline":"Nem\u011bjte ji\u017e stroh\u00e9 zdi","name":"Nem\u011bjte ji\u017e stroh\u00e9 zdi","description":"Ka\u017ed\u00e1 m\u00edstnost v byt\u011b nebo dom\u011b m\u00e1 svou vlastn\u00ed tv\u00e1\u0159. Ale pokud je m\u00edstnost vybavena pouze n\u00e1bytkem, nen\u00ed dle na\u0161eho n\u00e1zoru \u00fapln\u00e1. S obrazy na st\u011bnu, kter\u00e9 V\u00e1m m\u016f\u017eeme nab\u00eddnout, se V\u00e1m nem\u016f\u017ee st\u00e1t, \u017ee by V\u00e1\u0161 pokoj nedostal novou tv\u00e1\u0159. Na\u0161e um\u011bn\u00ed je kvalitn\u00ed a modern\u00ed. Pracuj\u00ed na n\u011bm jen ti nejlep\u0161\u00ed um\u011blci s [&hellip;]","datePublished":"2024-11-12","dateModified":"2024-11-12","author":{"@type":"Person","@id":"https:\/\/www.kosin.cz\/author\/#Person","name":"kosin.cz\n","url":"https:\/\/www.kosin.cz\/author\/","identifier":1,"image":{"@type":"ImageObject","@id":"https:\/\/secure.gravatar.com\/avatar\/ade5060b95d9432296fc92debd2ba3136f7a4d727a7bc57afe18c4808c7d7ac9?s=96&d=mm&r=g","url":"https:\/\/secure.gravatar.com\/avatar\/ade5060b95d9432296fc92debd2ba3136f7a4d727a7bc57afe18c4808c7d7ac9?s=96&d=mm&r=g","height":96,"width":96}},"publisher":{"@type":"Organization","name":"kosin.cz","logo":{"@type":"ImageObject","@id":"\/logo.png","url":"\/logo.png","width":600,"height":60}},"url":"https:\/\/www.kosin.cz\/nemejte-jiz-strohe-zdi\/","wordCount":170,"articleBody":"Ka\u017ed\u00e1 m\u00edstnost v byt\u011b nebo dom\u011b m\u00e1 svou vlastn\u00ed tv\u00e1\u0159. Ale pokud je m\u00edstnost vybavena pouze n\u00e1bytkem, nen\u00ed dle na\u0161eho n\u00e1zoru \u00fapln\u00e1. S obrazy na st\u011bnu, kter\u00e9 V\u00e1m m\u016f\u017eeme nab\u00eddnout, se V\u00e1m nem\u016f\u017ee st\u00e1t, \u017ee by V\u00e1\u0161 pokoj nedostal novou tv\u00e1\u0159. Na\u0161e um\u011bn\u00ed je kvalitn\u00ed a modern\u00ed. Pracuj\u00ed na n\u011bm jen ti nejlep\u0161\u00ed um\u011blci s b\u00fdval\u00e9ho \u010ceskoslovenska.\tVyberte si vlastn\u00ed motiv i barvuV\u0161e se v na\u0161\u00ed firm\u011b to\u010d\u00ed samoz\u0159ejm\u011b kolem z\u00e1kazn\u00edk\u016f. Proto si u n\u00e1s m\u016f\u017eete vybrat ze \u0161irok\u00e9 \u0161k\u00e1ly r\u016fzn\u00fdch \u0161ablon, motiv\u016f \u010di fotografi\u00ed. Rozhodn\u011b se V\u00e1m jedna z nich zal\u00edb\u00ed. Nab\u00edz\u00edme toti\u017e a\u017e 1100 motiv\u016f. Ov\u0161em, m\u016f\u017ee se st\u00e1t, \u017ee V\u00e1s \u017e\u00e1dn\u00fd z nich nakonec nezaujme. V tom p\u0159\u00edpad\u011b nen\u00ed probl\u00e9m vyu\u017e\u00edt fotografii, kterou n\u00e1m dod\u00e1te. Bez obraz\u016f na st\u011bnu budou Va\u0161e pokoje mnohem chud\u0161\u00ed.                                                                                                                                                                                                                                                                                                                                                                                                "},{"@context":"https:\/\/schema.org\/","@type":"BreadcrumbList","itemListElement":[{"@type":"ListItem","position":1,"name":"Nem\u011bjte ji\u017e stroh\u00e9 zdi","item":"https:\/\/www.kosin.cz\/nemejte-jiz-strohe-zdi\/#breadcrumbitem"}]}]