[{"@context":"https:\/\/schema.org\/","@type":"Article","@id":"https:\/\/www.kosin.cz\/radio-impuls-jednicka-ve-svete-radii\/#Article","mainEntityOfPage":"https:\/\/www.kosin.cz\/radio-impuls-jednicka-ve-svete-radii\/","headline":"R\u00e1dio Impuls- jedni\u010dka ve sv\u011bt\u011b r\u00e1di\u00ed","name":"R\u00e1dio Impuls- jedni\u010dka ve sv\u011bt\u011b r\u00e1di\u00ed","description":"R\u00e1dio Impuls &#8211; jedni\u010dka ve sv\u011bt\u011b r\u00e1di\u00ed R\u00e1dio Impulsvys\u00edl\u00e1 tento vynikaj\u00edc\u00ed po\u0159ad s ostr\u00fdmi ot\u00e1zkami V\u00e1clava Moravce ka\u017ed\u00fd v\u0161edn\u00ed den od pond\u011bl\u00ed do \u010dtvrtka od \u0161est\u00e9 do p\u016fl sedm\u00e9 ve\u010dern\u00ed. P\u0159esv\u011bd\u010dte se na vlastn\u00ed u\u0161i o pravd\u011b nebo l\u017ei! P\u016flhodina V\u00e1m bude sta\u010dit na to, abyste se dozv\u011bd\u011bli to, co chcete sly\u0161et! R\u00e1dio, kter\u00e9 v\u00e1s [&hellip;]","datePublished":"2024-12-14","dateModified":"2024-12-14","author":{"@type":"Person","@id":"https:\/\/www.kosin.cz\/author\/#Person","name":"kosin.cz\n","url":"https:\/\/www.kosin.cz\/author\/","identifier":1,"image":{"@type":"ImageObject","@id":"https:\/\/secure.gravatar.com\/avatar\/ade5060b95d9432296fc92debd2ba3136f7a4d727a7bc57afe18c4808c7d7ac9?s=96&d=mm&r=g","url":"https:\/\/secure.gravatar.com\/avatar\/ade5060b95d9432296fc92debd2ba3136f7a4d727a7bc57afe18c4808c7d7ac9?s=96&d=mm&r=g","height":96,"width":96}},"publisher":{"@type":"Organization","name":"kosin.cz","logo":{"@type":"ImageObject","@id":"\/logo.png","url":"\/logo.png","width":600,"height":60}},"url":"https:\/\/www.kosin.cz\/radio-impuls-jednicka-ve-svete-radii\/","wordCount":221,"articleBody":" R\u00e1dio Impuls &#8211; jedni\u010dka ve sv\u011bt\u011b r\u00e1di\u00ed R\u00e1dio Impulsvys\u00edl\u00e1 tento vynikaj\u00edc\u00ed po\u0159ad s ostr\u00fdmi ot\u00e1zkami V\u00e1clava Moravce ka\u017ed\u00fd v\u0161edn\u00ed den od pond\u011bl\u00ed do \u010dtvrtka od \u0161est\u00e9 do p\u016fl sedm\u00e9 ve\u010dern\u00ed. P\u0159esv\u011bd\u010dte se na vlastn\u00ed u\u0161i o pravd\u011b nebo l\u017ei! P\u016flhodina V\u00e1m bude sta\u010dit na to, abyste se dozv\u011bd\u011bli to, co chcete sly\u0161et! R\u00e1dio, kter\u00e9 v\u00e1s neust\u00e1le p\u0159ekvapuje Ve\u010dern\u00ed pohoda na r\u00e1dio Impuls je samoz\u0159ejmost\u00ed ka\u017ed\u00fd den od \u0161est\u00e9 do osm\u00e9 ve\u010dern\u00ed! Tento zaj\u00edmav\u00fd a klidn\u00fd blok je oko\u0159en\u011bn aktualitami z \u010desk\u00e9ho i zahrani\u010dn\u00edho d\u011bn\u00ed! Cel\u00fd po\u0159ad moderuje Martin Ko\u0161\u00edk. Pus\u0165te si nave\u010der na\u0161e vys\u00edl\u00e1n\u00ed a klidn\u011b relaxujte! Ve\u010der je v pohod\u011b R\u00e1dio Impulsje b\u00e1je\u010dn\u00e9! Vy m\u016f\u017eete poslouchat ve\u010dern\u00ed vys\u00edl\u00e1n\u00ed i s dopravn\u00edmi informacemi, s t\u00e9matem dne a s televizn\u00ed chvilkou s moder\u00e1torem Alexandrem Hemalou, kter\u00fd V\u00e1m napov\u00ed, jak\u00e9 televizn\u00ed po\u0159ady si m\u016f\u017eete dop\u0159\u00e1t na \u010desk\u00fdch stanic\u00edch. Ke ka\u017ed\u00e9mu vybran\u00e9mu po\u0159adu, filmu nebo seri\u00e1lu m\u00e1 sv\u016fj osobit\u00fd koment\u00e1\u0159.                                                                                                                                                                                                                                                                                                                                                                                        3.6\/5 - (5 votes)        "},{"@context":"https:\/\/schema.org\/","@type":"BreadcrumbList","itemListElement":[{"@type":"ListItem","position":1,"name":"R\u00e1dio Impuls- jedni\u010dka ve sv\u011bt\u011b r\u00e1di\u00ed","item":"https:\/\/www.kosin.cz\/radio-impuls-jednicka-ve-svete-radii\/#breadcrumbitem"}]}]