[{"@context":"https:\/\/schema.org\/","@type":"Article","@id":"https:\/\/www.kosin.cz\/smrt-sylvestra-stalloneho\/#Article","mainEntityOfPage":"https:\/\/www.kosin.cz\/smrt-sylvestra-stalloneho\/","headline":"Smrt Sylvestra Stalloneho","name":"Smrt Sylvestra Stalloneho","description":"Jist\u011b v\u00edte, kdo to je. P\u0159inesl do filmov\u00e9 kultury hodn\u011b a do kulturistiky tak\u00e9. Ano, bez n\u011bj ji\u017e nebude ak\u010dn\u00ed film ak\u010dn\u00ed filmem. Modla n\u00e1s opustila a \u2026 A dost. D\u00e1le u\u017e nelze. Podle posledn\u00edch zpr\u00e1v Sylvester \u017eije vcelku v\u00a0poklidu a m\u00e1 jen drobn\u00e9 zdravotn\u00ed probl\u00e9my, kter\u00e9 nikdo neup\u0159es\u0148uje. Tak jak to, \u017ee se v\u0161ude [&hellip;]","datePublished":"2025-03-03","dateModified":"2023-04-29","author":{"@type":"Person","@id":"https:\/\/www.kosin.cz\/author\/#Person","name":"kosin.cz\n","url":"https:\/\/www.kosin.cz\/author\/","identifier":1,"image":{"@type":"ImageObject","@id":"https:\/\/secure.gravatar.com\/avatar\/ade5060b95d9432296fc92debd2ba3136f7a4d727a7bc57afe18c4808c7d7ac9?s=96&d=mm&r=g","url":"https:\/\/secure.gravatar.com\/avatar\/ade5060b95d9432296fc92debd2ba3136f7a4d727a7bc57afe18c4808c7d7ac9?s=96&d=mm&r=g","height":96,"width":96}},"publisher":{"@type":"Organization","name":"kosin.cz","logo":{"@type":"ImageObject","@id":"\/logo.png","url":"\/logo.png","width":600,"height":60}},"image":{"@type":"ImageObject","@id":"https:\/\/www.kosin.cz\/wp-content\/uploads\/img_a308828_w2073_t1519846825.jpg","url":"https:\/\/www.kosin.cz\/wp-content\/uploads\/img_a308828_w2073_t1519846825.jpg","height":0,"width":0},"url":"https:\/\/www.kosin.cz\/smrt-sylvestra-stalloneho\/","about":["Kultura"],"wordCount":427,"articleBody":"\tJist\u011b v\u00edte, kdo to je. P\u0159inesl do filmov\u00e9 kultury hodn\u011b a do kulturistiky tak\u00e9. Ano, bez n\u011bj ji\u017e nebude ak\u010dn\u00ed film ak\u010dn\u00ed filmem. Modla n\u00e1s opustila a \u2026\tA dost. D\u00e1le u\u017e nelze. Podle posledn\u00edch zpr\u00e1v Sylvester \u017eije vcelku v\u00a0poklidu a m\u00e1 jen drobn\u00e9 zdravotn\u00ed probl\u00e9my, kter\u00e9 nikdo neup\u0159es\u0148uje. Tak jak to, \u017ee se v\u0161ude psalo o jeho smrti? Inu, to je p\u0159esn\u011b ta v\u011bci\u010dka, o kter\u00e9 jsem ji\u017e dvakr\u00e1t psal. Ta v\u011bci\u010dka se jmenuje Hoax. I j\u00e1 jsem byl zpr\u00e1vou poct\u011bn a mus\u00edm v\u00a0z\u00e1jmu pravdy \u0159\u00edci, \u017ee si sta\u010dilo \u010dl\u00e1nek p\u0159e\u010d\u00edst cel\u00fd a dohad\u016fm by byl konec. Ale to ne. To se p\u0159e\u010dte jen titulek, mo\u017en\u00e1 jeden nebo dva \u0159\u00e1dky a u\u017e se to pos\u00edl\u00e1 na v\u0161echny strany, jen aby mohl ten doty\u010dn\u00fd \u0159\u00edci, j\u00e1 jsem to psal prvn\u00ed. Ano psal.\t\tKdo jsou tito lid\u00e9? Inu, v\u011bt\u0161inou ducha mdl\u00e9ho, l\u00edn\u00ed jako v\u0161i. V\u0161ak co bych to \u010detl \u017ee. Ale hlavn\u011b \u017ee \u201evyvol\u00e1m vlnu\u201c.\tZa\u010dalo to v\u0161echno t\u00edm, \u017ee americk\u00e1 televizn\u00ed stanice, kterou nikdo nejmenuje odvys\u00edlala tuto zpr\u00e1vu i se z\u00e1b\u011bry, jak odn\u00e1\u0161ej\u00ed Sylvestrovo t\u011blo z\u00a0domu. Jen\u017ee pak se p\u0159i\u0161lo na to, \u017ee to jsou z\u00e1b\u011bry o hodn\u011b star\u0161\u00ed, a to z\u00a0doby, kdy zem\u0159el jeho syn. Chopila se toho v\u0161ak ji\u017e v\u00fd\u0161e zm\u00edn\u011bn\u00e1 stanice, kter\u00e1 pr\u00fd toto prov\u00e1d\u00ed vcelku \u010dasto, asi i kv\u016fli sledovanosti.\tTut\u00e9\u017e zpr\u00e1vu p\u0159inesl i bulv\u00e1r \u201ePr\u00e1sk Nova.cz\u201c, ale v\u00a0z\u00e1jmu pravdy znovu zd\u016fraz\u0148uji, \u017ee kdyby ti na\u0161i \u010de\u0161t\u00ed \u201ep\u0159epos\u00edla\u010di\u201c \u010detli \u010dl\u00e1nek poctiv\u011b cel\u00fd a\u017e do konce, tak by se dozv\u011bd\u011bli pravdu. Zaj\u00edmalo by mne, o kolik stoupla n\u00e1v\u0161t\u011bvnost jejich webu.\t\tMimochodem s\u00e1m velk\u00fd Sylvester na to ji\u017e reagoval na Instagramu a vzkazuje fanou\u0161k\u016fm, \u017ee \u017eije a bojuje. Stejn\u011b jako reagoval na svou smrt ji\u017e jednou, nev\u00edm ji\u017e p\u0159esn\u011b kdy, asi p\u0159ed rokem a p\u016fl? Tak\u00e9 se nesla \u00e9terem podobn\u00e1 zv\u011bst, ale byla rovn\u011b\u017e nepravdiv\u00e1 jako ta nyn\u011bj\u0161\u00ed. Tak\u017ee se herec asi do\u017eije skute\u010dn\u011b po\u017eehnan\u00e9ho v\u011bku a j\u00e1 mu to ze srdce p\u0159eji, i kdy\u017e nejsem jeho nad\u0161en\u00fdm obdivovatelem.\u00a0                                                                                                                                                                                                                                                                                                                                                                                         4.1\/5 - (7 votes)        "},{"@context":"https:\/\/schema.org\/","@type":"BreadcrumbList","itemListElement":[{"@type":"ListItem","position":1,"name":"Smrt Sylvestra Stalloneho","item":"https:\/\/www.kosin.cz\/smrt-sylvestra-stalloneho\/#breadcrumbitem"}]}]