[{"@context":"https:\/\/schema.org\/","@type":"Article","@id":"https:\/\/www.kosin.cz\/ve-vine-je-pravda\/#Article","mainEntityOfPage":"https:\/\/www.kosin.cz\/ve-vine-je-pravda\/","headline":"Ve v\u00edn\u011b je pravda","name":"Ve v\u00edn\u011b je pravda","description":"To mo\u017en\u00e1 nen\u00ed tak \u00fapln\u011b pravda, i kdy\u017e se to \u010dasto tvrd\u00ed a sl\u00fdch\u00e1v\u00e1. \u010clov\u011bk ztr\u00e1c\u00ed z\u00e1brany a \u0159ekne na sebe prvn\u00ed, posledn\u00ed, to ano a dost \u010dasto ud\u011bl\u00e1 n\u011bco, \u010deho pak druh\u00fd den lituje. Nesm\u00ed se to s n\u00edm prost\u011b p\u0159eh\u00e1n\u011bt. R\u016fzn\u00e9 sv\u011btov\u00e9 pr\u016fzkumy potvrzuj\u00ed, \u017ee p\u0159im\u011b\u0159en\u00e9 pit\u00ed v\u00edna nen\u00ed a\u017e tak \u0161kodliv\u00e9, jak [&hellip;]","datePublished":"2025-03-05","dateModified":"2023-04-29","author":{"@type":"Person","@id":"https:\/\/www.kosin.cz\/author\/#Person","name":"kosin.cz\n","url":"https:\/\/www.kosin.cz\/author\/","identifier":1,"image":{"@type":"ImageObject","@id":"https:\/\/secure.gravatar.com\/avatar\/ade5060b95d9432296fc92debd2ba3136f7a4d727a7bc57afe18c4808c7d7ac9?s=96&d=mm&r=g","url":"https:\/\/secure.gravatar.com\/avatar\/ade5060b95d9432296fc92debd2ba3136f7a4d727a7bc57afe18c4808c7d7ac9?s=96&d=mm&r=g","height":96,"width":96}},"publisher":{"@type":"Organization","name":"kosin.cz","logo":{"@type":"ImageObject","@id":"\/logo.png","url":"\/logo.png","width":600,"height":60}},"image":{"@type":"ImageObject","@id":"https:\/\/www.kosin.cz\/wp-content\/uploads\/img_a298297_w2073_t1508692491.jpg","url":"https:\/\/www.kosin.cz\/wp-content\/uploads\/img_a298297_w2073_t1508692491.jpg","height":0,"width":0},"url":"https:\/\/www.kosin.cz\/ve-vine-je-pravda\/","about":["V\u00fdrobky"],"wordCount":415,"articleBody":" To mo\u017en\u00e1 nen\u00ed tak \u00fapln\u011b pravda, i kdy\u017e se to \u010dasto tvrd\u00ed a sl\u00fdch\u00e1v\u00e1. \u010clov\u011bk ztr\u00e1c\u00ed z\u00e1brany a \u0159ekne na sebe prvn\u00ed, posledn\u00ed, to ano a dost \u010dasto ud\u011bl\u00e1 n\u011bco, \u010deho pak druh\u00fd den lituje. Nesm\u00ed se to s n\u00edm prost\u011b p\u0159eh\u00e1n\u011bt. R\u016fzn\u00e9 sv\u011btov\u00e9 pr\u016fzkumy potvrzuj\u00ed, \u017ee p\u0159im\u011b\u0159en\u00e9 pit\u00ed v\u00edna nen\u00ed a\u017e tak \u0161kodliv\u00e9, jak by \u0161\u00e9f protialkoholn\u00ed l\u00e9\u010debny asi tvrdil. Francouzi se do\u017e\u00edvaj\u00ed vy\u0161\u0161\u00edho v\u011bku a b\u00fdvaj\u00ed zdrav\u011bj\u0161\u00ed ne\u017e ostatn\u00ed n\u00e1rody. Ve st\u0159edov\u011bku pily v\u00edno d\u011bti i t\u011bhotn\u00e9 \u017eeny, \u010derven\u00e9 v\u00edno se pod\u00e1valo p\u0159i ztr\u00e1t\u011b krve. To bychom dnes sice asi nedoporu\u010dovali, ale um\u011bt si vychutnat sklenku dobr\u00e9ho b\u00edl\u00e9ho, r\u016f\u017eov\u00e9ho, \u010derven\u00e9ho nebo perliv\u00e9ho v\u00edna stoj\u00ed za to. Kam za v\u00ednem? Z\u016fstaneme-li v na\u0161\u00ed domovin\u011b, tak se jako prvn\u00ed ur\u010dit\u011b nab\u00edz\u00ed Morava. Kol\u00e9bka v\u00edn v \u010cesku, s tradic\u00ed a zku\u0161enostmi, kde si m\u016f\u017eete vybrat ze 4 hlavn\u00edch lokalit \u2013 Znojemsko, Mikulovsko, Slov\u00e1cko a Velkopavlovicko. A tam pak z mnoha vesni\u010dek, vina\u0159\u016f a vina\u0159sk\u00fdch trat\u00ed. V \u010cesku ov\u0161em nejen na Morav\u011b p\u011bstuje se v\u00edno. Asi nejzn\u00e1m\u011bj\u0161\u00ed oblast\u00ed v \u010cech\u00e1ch je M\u011blnicko. Konaj\u00ed se tam tak\u00e9 vina\u0159sk\u00e9 slavnosti s dlouholetou tradic\u00ed a m\u016f\u017eete tam ochutnat skv\u011bl\u00fd bur\u010d\u00e1k. V\u00edce se o M\u011bln\u00edce do\u010dtete na . S vinicemi se setk\u00e1te ale tak\u00e9 v Praze nebo na Kuksu a v dal\u0161\u00edch m\u00edstech. Kdo chce ochutnat n\u011bco od na\u0161ich soused\u016f, zajede si do N\u011bmecka k R\u00fdnu nebo Mosele. Kolem t\u011bchto dvou \u0159ek se rozkl\u00e1d\u00e1 mnoho tis\u00edc hektar\u016f vinic a d\u00e1 se tam kr\u00e1sn\u011b proj\u00ed\u017ed\u011bt i na kole a ochutn\u00e1vat a ochutn\u00e1vat. Na rozd\u00edl od n\u00e1s V\u00e1m tam nehroz\u00ed policejn\u00ed kontroly. Dobr\u00e9 v\u00edno je i u Bodamsk\u00e9ho jezera.  V Rakousku je zase zn\u00e1m\u00e1 oblast Wachau u Dunaje, jej\u00ed\u017e n\u00e1v\u0161t\u011bva se d\u00e1 tak\u00e9 spojit s cyklov\u00fdlety a d\u011blaj\u00ed tam takt\u00e9\u017e v\u00fdborn\u00e9 \u0161napsy. Vinn\u00e9 skl\u00edpky najdete i u Neusiedler See a v dal\u0161\u00edch \u010d\u00e1stech Rakouska. Z\u00e1\u017eitkem je samoz\u0159ejm\u011b dovolen\u00e1 ve Francii, kter\u00e1 je mekkou vina\u0159\u016f a nad jej\u00ed\u017e \u010derven\u00e9 v\u00edno nen\u00ed.                                                                                                                                                                                                                                                                                                                                                                                        4.5\/5 - (15 votes)        "},{"@context":"https:\/\/schema.org\/","@type":"BreadcrumbList","itemListElement":[{"@type":"ListItem","position":1,"name":"Ve v\u00edn\u011b je pravda","item":"https:\/\/www.kosin.cz\/ve-vine-je-pravda\/#breadcrumbitem"}]}]